{"id":124,"date":"2026-04-26T17:27:18","date_gmt":"2026-04-26T17:27:18","guid":{"rendered":"https:\/\/haapola.fi\/texblogi\/?p=124"},"modified":"2026-04-26T20:10:30","modified_gmt":"2026-04-26T20:10:30","slug":"uuden-tex-sarjan-kansikuva-tex-la-leggenda","status":"publish","type":"post","link":"https:\/\/haapola.fi\/texblogi\/uuden-tex-sarjan-kansikuva-tex-la-leggenda\/","title":{"rendered":"Uuden Tex-sarjan kansikuva &#8211; Tex La Leggenda"},"content":{"rendered":"\n<p>16. toukokuuta julkaistaan Tex La Leggenda vuosittaisen sarjan ensimm\u00e4inen osa Italiassa nimelt\u00e4 <em>I due sceriffi (Kaksi sheriffi\u00e4<\/em>\u00a0),jonka on kirjoittanut\u00a0<strong>Pasquale Ruju<\/strong>\u00a0\u00a0ja kuvittanut\u00a0<strong>Giampiero Casertano<\/strong> ja kannen on tehnyt vanha konkari <strong>Claudio Villa<\/strong>.<\/p>\n\n\n<div class=\"wp-block-image\">\n<figure class=\"alignleft size-full is-resized\"><img loading=\"lazy\" decoding=\"async\" width=\"768\" height=\"1013\" src=\"https:\/\/haapola.fi\/texblogi\/wp-content\/uploads\/2026\/04\/Tex-la-Leggenda-1-Capa-de-Claudio-Villa-768x1013-1.jpg\" alt=\"\" class=\"wp-image-125\" style=\"aspect-ratio:0.758157772313418;width:424px;height:auto\" srcset=\"https:\/\/haapola.fi\/texblogi\/wp-content\/uploads\/2026\/04\/Tex-la-Leggenda-1-Capa-de-Claudio-Villa-768x1013-1.jpg 768w, https:\/\/haapola.fi\/texblogi\/wp-content\/uploads\/2026\/04\/Tex-la-Leggenda-1-Capa-de-Claudio-Villa-768x1013-1-227x300.jpg 227w\" sizes=\"auto, (max-width: 768px) 100vw, 768px\" \/><\/figure>\n<\/div>\n\n\n<p><strong><em>Tex la Leggenda<\/em><\/strong> -sarjan ensimm\u00e4inen osa koostuu 224 mustavalkoisesta sivusta perinteisess\u00e4 Bonelli-formaatissa, ja sen hinta on 9,90 euroa. Sarjan ideana on tarjota joka vuosi tarina, joka sijoittuu eri alueelle l\u00e4nness\u00e4, keskittyen kyseiselle paikalle tyypillisiin tunnelmiin ja historiallisiin taustoihin.<\/p>\n","protected":false},"excerpt":{"rendered":"<p>16. toukokuuta julkaistaan Tex La Leggenda vuosittaisen sarjan ensimm\u00e4inen osa Italiassa nimelt\u00e4 I due sceriffi (Kaksi&#8230;<\/p>\n","protected":false},"author":2,"featured_media":127,"comment_status":"open","ping_status":"open","sticky":false,"template":"","format":"standard","meta":{"_kad_post_transparent":"","_kad_post_title":"","_kad_post_layout":"","_kad_post_sidebar_id":"","_kad_post_content_style":"","_kad_post_vertical_padding":"","_kad_post_feature":"","_kad_post_feature_position":"","_kad_post_header":false,"_kad_post_footer":false,"_kad_post_classname":"","footnotes":""},"categories":[2,6,1,5],"tags":[],"class_list":["post-124","post","type-post","status-publish","format-standard","has-post-thumbnail","hentry","category-italian-julkaisut","category-tex-la-leggenda","category-tex-willer","category-tulevat-tarinat"],"_links":{"self":[{"href":"https:\/\/haapola.fi\/texblogi\/wp-json\/wp\/v2\/posts\/124","targetHints":{"allow":["GET"]}}],"collection":[{"href":"https:\/\/haapola.fi\/texblogi\/wp-json\/wp\/v2\/posts"}],"about":[{"href":"https:\/\/haapola.fi\/texblogi\/wp-json\/wp\/v2\/types\/post"}],"author":[{"embeddable":true,"href":"https:\/\/haapola.fi\/texblogi\/wp-json\/wp\/v2\/users\/2"}],"replies":[{"embeddable":true,"href":"https:\/\/haapola.fi\/texblogi\/wp-json\/wp\/v2\/comments?post=124"}],"version-history":[{"count":8,"href":"https:\/\/haapola.fi\/texblogi\/wp-json\/wp\/v2\/posts\/124\/revisions"}],"predecessor-version":[{"id":134,"href":"https:\/\/haapola.fi\/texblogi\/wp-json\/wp\/v2\/posts\/124\/revisions\/134"}],"wp:featuredmedia":[{"embeddable":true,"href":"https:\/\/haapola.fi\/texblogi\/wp-json\/wp\/v2\/media\/127"}],"wp:attachment":[{"href":"https:\/\/haapola.fi\/texblogi\/wp-json\/wp\/v2\/media?parent=124"}],"wp:term":[{"taxonomy":"category","embeddable":true,"href":"https:\/\/haapola.fi\/texblogi\/wp-json\/wp\/v2\/categories?post=124"},{"taxonomy":"post_tag","embeddable":true,"href":"https:\/\/haapola.fi\/texblogi\/wp-json\/wp\/v2\/tags?post=124"}],"curies":[{"name":"wp","href":"https:\/\/api.w.org\/{rel}","templated":true}]}}